{"id":271,"date":"2017-03-14T14:41:30","date_gmt":"2017-03-14T13:41:30","guid":{"rendered":"https:\/\/wirtschaftsdemokratie.ch\/?p=271\/"},"modified":"2017-03-14T14:45:45","modified_gmt":"2017-03-14T13:45:45","slug":"plus-que-simplement-codecider","status":"publish","type":"post","link":"https:\/\/wirtschaftsdemokratie.ch\/fr\/plus-que-simplement-codecider\/","title":{"rendered":"Plus que simplement cod\u00e9cider"},"content":{"rendered":"<p><strong>Quel type de soci\u00e9t\u00e9 veut-on? Bas\u00e9e sur la maximisation du profit ou le principe de la solidarit\u00e9? Le congr\u00e8s \u00ab Reclaim Democracy \u00bb a livr\u00e9 des pistes de r\u00e9flexion pour l\u2019extension de pratiques d\u00e9mocratiques dans des espaces d\u2019o\u00f9 elles sont g\u00e9n\u00e9ralement exclues : \u00e9cole, m\u00e9dias et lieux de travail. La d\u00e9mocratisation des structures de propri\u00e9t\u00e9 et des m\u00e9canismes d\u00e9cisionnels pourraient jouer un r\u00f4le d\u00e9cisif dans l\u2019\u00e9conomie.<\/strong><\/p>\n<p>Des fissures toujours plus profondes menacent de d\u00e9stabiliser le syst\u00e8me capitaliste: concentration des richesses entre quelques mains, domination politique de puissants groupes industriels et d\u2019importantes soci\u00e9t\u00e9s commerciales, diktat de l\u2019\u00e9conomie financi\u00e8re sur l\u2019\u00e9conomie r\u00e9elle. syndicom est le syndicat des branches qui subissent actuellement une transformation radicale. La Poste supprime des guichets et des emplois, l\u2019industrie graphique doit se r\u00e9inventer et des mesures d\u2019\u00e9conomie touchent de plein fouet les journalistes. D\u2019une mani\u00e8re g\u00e9n\u00e9rale, on parle de changement structurel, d\u2019une adaptation sans alternatives \u00e0 la nouvelle \u00e8re num\u00e9rique. Les employ\u00e9s, dont les postes sont supprim\u00e9s et dont l\u2019identit\u00e9 professionnelle est remise en question, se voient la plupart du temps mis devant le fait accompli. D\u2019o\u00f9 un sentiment d\u2019impuissance. Car que faire quand la num\u00e9risation ne laisse aucune place \u00e0 des alternatives et oblige les entreprises \u00e0 s\u2019adapter pour survivre?<\/p>\n<p><strong>Pouvoir cod\u00e9cider<\/strong><\/p>\n<p>C\u2019est ici qu\u2019entre en jeu la d\u00e9mocratie \u00e9conomique \u2013 en tant qu\u2019approche ax\u00e9e sur la pratique et que vision qui d\u00e9passe le syst\u00e8me capitaliste. A ce titre, elle contribue \u00e0 nous lib\u00e9rer d\u2019un monde d\u00e9nu\u00e9 d\u2019alternatives et \u00e0 prendre en compte des relations trop souvent pass\u00e9es sous silence.<\/p>\n<p>Prenons pour exemple la branche des m\u00e9dias. Les groupes de m\u00e9dias restants tels que Tamedia ou Ringier font peu \u00e0 peu le deuil du journalisme, m\u00eame s\u2019ils amassent des millions de b\u00e9n\u00e9fice qui sont empoch\u00e9s par la direction et les propri\u00e9taires. Ils se distancient du journalisme, non pas parce qu\u2019on pourrait s\u2019en passer au XXIe si\u00e8cle, mais parce qu\u2019il n\u2019est plus assez lucratif pour une minorit\u00e9 de d\u00e9cideurs. Les m\u00e9dias peuvent-ils encore \u00eatre assimil\u00e9s \u00e0 un \u00abquatri\u00e8me pouvoir \u00bb ? Ou ne sont-ils plus qu\u2019un mythe pour les nostalgiques ?<\/p>\n<p>La question se pose d\u00e8s lors de savoir quel r\u00f4le joue la d\u00e9mocratie \u00e9conomique. Dans un tel syst\u00e8me, les repr\u00e9sentants du capital ne d\u00e9cident plus seuls. Les employ\u00e9s cod\u00e9cident \u2013 aussi au niveau du conseil d\u2019administration et pour toutes les questions strat\u00e9giques relatives \u00e0 l\u2019avenir des entreprises. Cette revendication figure dans le papier de position du PS Suisse, qui a \u00e9t\u00e9 adopt\u00e9 au congr\u00e8s du PS en d\u00e9cembre de l\u2019ann\u00e9e derni\u00e8re apr\u00e8s d\u2019intenses discussions. La d\u00e9mocratie \u00e9conomique implique que les employ\u00e9s disposent de droits de cod\u00e9cision De plus, les strat\u00e9gies de maximisation du profit \u00e0 court terme qui profitent \u00e0 une minorit\u00e9 devraient se transformer en une \u00e9conomie d\u2019entreprise durable ax\u00e9e sur l\u2019int\u00e9r\u00eat collectif.<\/p>\n<p><strong> Transformer la num\u00e9risation en une opportunit\u00e9<\/strong><\/p>\n<p>La d\u00e9mocratie \u00e9conomique n\u2019implique pas de se fermer aux innovations technologiques ni d\u2019agir \u00e0 la mani\u00e8re des luddites. Une \u00e9conomie plus d\u00e9mocratique est toutefois une condition essentielle pour que la num\u00e9risation puisse \u00eatre appr\u00e9hend\u00e9e comme une v\u00e9ritable opportunit\u00e9. Car les personnes directement concern\u00e9es (imprimeurs, journalistes, postiers) forgent et mod\u00e8lent ce processus depuis le bas. La num\u00e9risation ne peut pas \u00eatre simplement impos\u00e9e via une strat\u00e9gie \u00ab top-down \u00bb ax\u00e9e sur le rendement.<\/p>\n<p>Comment se comporterait un groupe m\u00e9diatique tel que Tamedia s\u2019il n\u2019\u00e9tait pas une soci\u00e9t\u00e9 anonyme cot\u00e9e en Bourse avec des \u00e9chelons de hi\u00e9rarchie classiques ? Comment agirait-il en tant que coop\u00e9rative dans laquelle les employ\u00e9s n\u00e9gocieraient avec les autres associ\u00e9s (p. ex. les lecteurs) l\u2019avenir num\u00e9rique du journalisme ? Plus de d\u00e9mocratie dans l\u2019\u00e9conomie ne garantit pas forc\u00e9ment une \u00e9conomie meilleure, plus sociale et plus durable. Les droits de cod\u00e9cision, tout comme nos droits d\u00e9mocratiques en politique, doivent toutefois \u00eatre compris comme un levier, comme une opportunit\u00e9 de changement. Et il ne tient qu\u2019\u00e0 nous de saisir cette chance.<\/p>\n<p><strong>Pour une d\u00e9mocratisation de l\u2019\u00e9conomie dans le service public<\/strong><\/p>\n<p>La d\u00e9mocratisation de l\u2019\u00e9conomie ne se limite pas \u00e0 une question de cod\u00e9cision. Elle englobe d\u2019autres mod\u00e8les \u00e9conomiques, d\u2019autres rapports de propri\u00e9t\u00e9, d\u2019entrepreneuriat social et solidaire. La d\u00e9mocratisation de l\u2019\u00e9conomie doit renverser la logique \u00e9conomique dominante en faveur des humains, et non plus du seul capital.<\/p>\n<p>Le service public suisse contribue aujourd\u2019hui d\u00e9j\u00e0 \u2013 du moins en partie \u2013 \u00e0 une \u00e9conomie porteuse d\u2019avenir. La politique a des possibilit\u00e9s d\u2019influencer l\u2019int\u00e9r\u00eat g\u00e9n\u00e9ral ; au conseil d\u2019administration si\u00e8gent des repr\u00e9sentants des employ\u00e9s. Le service public est investi d\u2019une mission supr\u00eame qui ne suit pas la logique de la maximisation des profits. Et pourtant des entreprises du service public telles que La Poste, Swisscom ou les CFF sont souvent encore bien loin de fonctionner comme des mod\u00e8les d\u2019une \u00e9conomie d\u00e9mocratique.<\/p>\n<p><strong>\u00ab Reclaim Democracy \u00bb dans le monde du travail<\/strong><\/p>\n<p>Lors du congr\u00e8s \u00ab Reclaim Democracy \u00bb qui a eu lieu \u00e0 B\u00e2le du 2 au 4 f\u00e9vrier, il est clairement apparu que nous avons besoin en toute urgence d\u2019alternatives au syst\u00e8me \u00e9conomique actuel. Car il est \u00e0 l\u2019origine d\u2019in\u00e9galit\u00e9s sociales croissantes, de changements climatiques, de conditions d\u00e9sastreuses pour les r\u00e9fugi\u00e9s en Europe et de la mont\u00e9e des forces r\u00e9actionnaires dans le monde. La d\u00e9mocratie \u00e9conomique ne propose pas de strat\u00e9gie pour r\u00e9ussir la transition vers une autre \u00e9conomie et am\u00e9liorer la situation. Mais elle ouvre des perspectives et montre comment nous pouvons agir ici et maintenant.<\/p>\n<p>Le concept d\u2019\u00e9conomie d\u00e9mocratique ne peut \u00eatre d\u00e9velopp\u00e9 que s\u2019il est int\u00e9gr\u00e9 dans un projet global cens\u00e9 apporter \u00ab plus de d\u00e9mocratie \u00bb. Il doit \u00eatre accompagn\u00e9 par un vaste mouvement social et \u00eatre v\u00e9cu et d\u00e9velopp\u00e9 en continu. Il exige la formation de coalitions. Les employ\u00e9\u00b7e\u00b7s, les consommateurs, les partis, les ONG, mais aussi les syndicats doivent en faire partie. A cet \u00e9gard, les syndicats, leurs r\u00e9seaux et leur savoir pratique rev\u00eatent une importance capitale. D\u2019autant qu\u2019ils ont un acc\u00e8s direct au monde du travail. La d\u00e9mocratie de l\u2019\u00e9conomie se fonde sur la syndicalisation ; les conventions collectives de travail repr\u00e9sentent le socle d\u2019une \u00e9conomie d\u00e9mocratique. Toutefois, la d\u00e9mocratisation de l\u2019\u00e9conomie d\u00e9passe ce fondement. Les forces progressistes en Suisse et dans le monde ont pour t\u00e2che d\u00e9cisive de d\u00e9finir ensemble son contenu visionnaire, de le concr\u00e9tiser et de le r\u00e9aliser par \u00e9tapes (et ceci contre une r\u00e9sistance massive !).<\/p>\n<p>Pascal Zwicky, Chef de projet Gestion de th\u00e8mes au PS Suisse<\/p>\n<p>syndicom, le journal, No. 2, 10 mars 2017, pages 1-2.<\/p>\n","protected":false},"excerpt":{"rendered":"<p>Quel type de soci\u00e9t\u00e9 veut-on? Bas\u00e9e sur la maximisation du profit ou le principe de la solidarit\u00e9? Le congr\u00e8s \u00ab Reclaim Democracy \u00bb a livr\u00e9 des pistes de r\u00e9flexion pour l\u2019extension de pratiques d\u00e9mocratiques dans des espaces d\u2019o\u00f9 elles sont g\u00e9n\u00e9ralement exclues : \u00e9cole, m\u00e9dias et lieux de travail. La d\u00e9mocratisation des structures de propri\u00e9t\u00e9 &hellip; <a href=\"https:\/\/wirtschaftsdemokratie.ch\/fr\/plus-que-simplement-codecider\/\" title=\"Plus que simplement cod\u00e9cider\" class=\"read-more\">Lire la suite<\/a><\/p>\n","protected":false},"author":137,"featured_media":269,"comment_status":"closed","ping_status":"open","sticky":false,"template":"","format":"standard","meta":{"footnotes":""},"categories":[3],"tags":[],"class_list":["post-271","post","type-post","status-publish","format-standard","has-post-thumbnail","hentry","category-non-classifiee"],"yoast_head":"<!-- This site is optimized with the Yoast SEO plugin v27.5 - https:\/\/yoast.com\/product\/yoast-seo-wordpress\/ -->\n<title>Plus que simplement cod\u00e9cider - d\u00e9mocratie \u00e9conomique<\/title>\n<meta name=\"robots\" content=\"index, follow, max-snippet:-1, max-image-preview:large, max-video-preview:-1\" \/>\n<link rel=\"canonical\" href=\"https:\/\/wirtschaftsdemokratie.ch\/fr\/plus-que-simplement-codecider\/\" \/>\n<meta property=\"og:locale\" content=\"fr_FR\" \/>\n<meta property=\"og:type\" content=\"article\" \/>\n<meta property=\"og:title\" content=\"Plus que simplement cod\u00e9cider - d\u00e9mocratie \u00e9conomique\" \/>\n<meta property=\"og:description\" content=\"Quel type de soci\u00e9t\u00e9 veut-on? Bas\u00e9e sur la maximisation du profit ou le principe de la solidarit\u00e9? Le congr\u00e8s \u00ab Reclaim Democracy \u00bb a livr\u00e9 des pistes de r\u00e9flexion pour l\u2019extension de pratiques d\u00e9mocratiques dans des espaces d\u2019o\u00f9 elles sont g\u00e9n\u00e9ralement exclues : \u00e9cole, m\u00e9dias et lieux de travail. La d\u00e9mocratisation des structures de propri\u00e9t\u00e9 [&hellip;]\" \/>\n<meta property=\"og:url\" content=\"https:\/\/wirtschaftsdemokratie.ch\/fr\/plus-que-simplement-codecider\/\" \/>\n<meta property=\"og:site_name\" content=\"d\u00e9mocratie \u00e9conomique\" \/>\n<meta property=\"article:published_time\" content=\"2017-03-14T13:41:30+00:00\" \/>\n<meta property=\"article:modified_time\" content=\"2017-03-14T13:45:45+00:00\" \/>\n<meta property=\"og:image\" content=\"https:\/\/wirtschaftsdemokratie.ch\/wp-content\/uploads\/sites\/76\/2017\/03\/RD_Logo_gross.jpg\" \/>\n\t<meta property=\"og:image:width\" content=\"567\" \/>\n\t<meta property=\"og:image:height\" content=\"393\" \/>\n\t<meta property=\"og:image:type\" content=\"image\/jpeg\" \/>\n<meta name=\"author\" content=\"Pascal Zwicky\" \/>\n<meta name=\"twitter:card\" content=\"summary_large_image\" \/>\n<meta name=\"twitter:label1\" content=\"\u00c9crit par\" \/>\n\t<meta name=\"twitter:data1\" content=\"Pascal Zwicky\" \/>\n\t<meta name=\"twitter:label2\" content=\"Dur\u00e9e de lecture estim\u00e9e\" \/>\n\t<meta name=\"twitter:data2\" content=\"6 minutes\" \/>\n<script type=\"application\/ld+json\" class=\"yoast-schema-graph\">{\"@context\":\"https:\\\/\\\/schema.org\",\"@graph\":[{\"@type\":\"Article\",\"@id\":\"https:\\\/\\\/wirtschaftsdemokratie.ch\\\/fr\\\/plus-que-simplement-codecider\\\/#article\",\"isPartOf\":{\"@id\":\"https:\\\/\\\/wirtschaftsdemokratie.ch\\\/fr\\\/plus-que-simplement-codecider\\\/\"},\"author\":{\"name\":\"Pascal Zwicky\",\"@id\":\"https:\\\/\\\/wirtschaftsdemokratie.ch\\\/fr\\\/#\\\/schema\\\/person\\\/6ed607b6ed33fcd7d7c5506b8bdf4d73\"},\"headline\":\"Plus que simplement cod\u00e9cider\",\"datePublished\":\"2017-03-14T13:41:30+00:00\",\"dateModified\":\"2017-03-14T13:45:45+00:00\",\"mainEntityOfPage\":{\"@id\":\"https:\\\/\\\/wirtschaftsdemokratie.ch\\\/fr\\\/plus-que-simplement-codecider\\\/\"},\"wordCount\":1222,\"image\":{\"@id\":\"https:\\\/\\\/wirtschaftsdemokratie.ch\\\/fr\\\/plus-que-simplement-codecider\\\/#primaryimage\"},\"thumbnailUrl\":\"https:\\\/\\\/wirtschaftsdemokratie.ch\\\/wp-content\\\/uploads\\\/sites\\\/76\\\/2017\\\/03\\\/RD_Logo_gross.jpg\",\"articleSection\":[\"Non classifi\u00e9(e)\"],\"inLanguage\":\"fr-FR\"},{\"@type\":\"WebPage\",\"@id\":\"https:\\\/\\\/wirtschaftsdemokratie.ch\\\/fr\\\/plus-que-simplement-codecider\\\/\",\"url\":\"https:\\\/\\\/wirtschaftsdemokratie.ch\\\/fr\\\/plus-que-simplement-codecider\\\/\",\"name\":\"Plus que simplement cod\u00e9cider - d\u00e9mocratie \u00e9conomique\",\"isPartOf\":{\"@id\":\"https:\\\/\\\/wirtschaftsdemokratie.ch\\\/fr\\\/#website\"},\"primaryImageOfPage\":{\"@id\":\"https:\\\/\\\/wirtschaftsdemokratie.ch\\\/fr\\\/plus-que-simplement-codecider\\\/#primaryimage\"},\"image\":{\"@id\":\"https:\\\/\\\/wirtschaftsdemokratie.ch\\\/fr\\\/plus-que-simplement-codecider\\\/#primaryimage\"},\"thumbnailUrl\":\"https:\\\/\\\/wirtschaftsdemokratie.ch\\\/wp-content\\\/uploads\\\/sites\\\/76\\\/2017\\\/03\\\/RD_Logo_gross.jpg\",\"datePublished\":\"2017-03-14T13:41:30+00:00\",\"dateModified\":\"2017-03-14T13:45:45+00:00\",\"author\":{\"@id\":\"https:\\\/\\\/wirtschaftsdemokratie.ch\\\/fr\\\/#\\\/schema\\\/person\\\/6ed607b6ed33fcd7d7c5506b8bdf4d73\"},\"breadcrumb\":{\"@id\":\"https:\\\/\\\/wirtschaftsdemokratie.ch\\\/fr\\\/plus-que-simplement-codecider\\\/#breadcrumb\"},\"inLanguage\":\"fr-FR\",\"potentialAction\":[{\"@type\":\"ReadAction\",\"target\":[\"https:\\\/\\\/wirtschaftsdemokratie.ch\\\/fr\\\/plus-que-simplement-codecider\\\/\"]}]},{\"@type\":\"ImageObject\",\"inLanguage\":\"fr-FR\",\"@id\":\"https:\\\/\\\/wirtschaftsdemokratie.ch\\\/fr\\\/plus-que-simplement-codecider\\\/#primaryimage\",\"url\":\"https:\\\/\\\/wirtschaftsdemokratie.ch\\\/wp-content\\\/uploads\\\/sites\\\/76\\\/2017\\\/03\\\/RD_Logo_gross.jpg\",\"contentUrl\":\"https:\\\/\\\/wirtschaftsdemokratie.ch\\\/wp-content\\\/uploads\\\/sites\\\/76\\\/2017\\\/03\\\/RD_Logo_gross.jpg\",\"width\":567,\"height\":393},{\"@type\":\"BreadcrumbList\",\"@id\":\"https:\\\/\\\/wirtschaftsdemokratie.ch\\\/fr\\\/plus-que-simplement-codecider\\\/#breadcrumb\",\"itemListElement\":[{\"@type\":\"ListItem\",\"position\":1,\"name\":\"Startseite\",\"item\":\"https:\\\/\\\/wirtschaftsdemokratie.ch\\\/fr\\\/\"},{\"@type\":\"ListItem\",\"position\":2,\"name\":\"Plus que simplement cod\u00e9cider\"}]},{\"@type\":\"WebSite\",\"@id\":\"https:\\\/\\\/wirtschaftsdemokratie.ch\\\/fr\\\/#website\",\"url\":\"https:\\\/\\\/wirtschaftsdemokratie.ch\\\/fr\\\/\",\"name\":\"d\u00e9mocratie \u00e9conomique\",\"description\":\"\",\"potentialAction\":[{\"@type\":\"SearchAction\",\"target\":{\"@type\":\"EntryPoint\",\"urlTemplate\":\"https:\\\/\\\/wirtschaftsdemokratie.ch\\\/fr\\\/?s={search_term_string}\"},\"query-input\":{\"@type\":\"PropertyValueSpecification\",\"valueRequired\":true,\"valueName\":\"search_term_string\"}}],\"inLanguage\":\"fr-FR\"},{\"@type\":\"Person\",\"@id\":\"https:\\\/\\\/wirtschaftsdemokratie.ch\\\/fr\\\/#\\\/schema\\\/person\\\/6ed607b6ed33fcd7d7c5506b8bdf4d73\",\"name\":\"Pascal Zwicky\",\"sameAs\":[\"http:\\\/\\\/sp-ps.ch\"],\"url\":\"https:\\\/\\\/wirtschaftsdemokratie.ch\\\/fr\\\/author\\\/pzwicky\\\/\"}]}<\/script>\n<!-- \/ Yoast SEO plugin. -->","yoast_head_json":{"title":"Plus que simplement cod\u00e9cider - d\u00e9mocratie \u00e9conomique","robots":{"index":"index","follow":"follow","max-snippet":"max-snippet:-1","max-image-preview":"max-image-preview:large","max-video-preview":"max-video-preview:-1"},"canonical":"https:\/\/wirtschaftsdemokratie.ch\/fr\/plus-que-simplement-codecider\/","og_locale":"fr_FR","og_type":"article","og_title":"Plus que simplement cod\u00e9cider - d\u00e9mocratie \u00e9conomique","og_description":"Quel type de soci\u00e9t\u00e9 veut-on? Bas\u00e9e sur la maximisation du profit ou le principe de la solidarit\u00e9? Le congr\u00e8s \u00ab Reclaim Democracy \u00bb a livr\u00e9 des pistes de r\u00e9flexion pour l\u2019extension de pratiques d\u00e9mocratiques dans des espaces d\u2019o\u00f9 elles sont g\u00e9n\u00e9ralement exclues : \u00e9cole, m\u00e9dias et lieux de travail. La d\u00e9mocratisation des structures de propri\u00e9t\u00e9 [&hellip;]","og_url":"https:\/\/wirtschaftsdemokratie.ch\/fr\/plus-que-simplement-codecider\/","og_site_name":"d\u00e9mocratie \u00e9conomique","article_published_time":"2017-03-14T13:41:30+00:00","article_modified_time":"2017-03-14T13:45:45+00:00","og_image":[{"width":567,"height":393,"url":"https:\/\/wirtschaftsdemokratie.ch\/wp-content\/uploads\/sites\/76\/2017\/03\/RD_Logo_gross.jpg","type":"image\/jpeg"}],"author":"Pascal Zwicky","twitter_card":"summary_large_image","twitter_misc":{"\u00c9crit par":"Pascal Zwicky","Dur\u00e9e de lecture estim\u00e9e":"6 minutes"},"schema":{"@context":"https:\/\/schema.org","@graph":[{"@type":"Article","@id":"https:\/\/wirtschaftsdemokratie.ch\/fr\/plus-que-simplement-codecider\/#article","isPartOf":{"@id":"https:\/\/wirtschaftsdemokratie.ch\/fr\/plus-que-simplement-codecider\/"},"author":{"name":"Pascal Zwicky","@id":"https:\/\/wirtschaftsdemokratie.ch\/fr\/#\/schema\/person\/6ed607b6ed33fcd7d7c5506b8bdf4d73"},"headline":"Plus que simplement cod\u00e9cider","datePublished":"2017-03-14T13:41:30+00:00","dateModified":"2017-03-14T13:45:45+00:00","mainEntityOfPage":{"@id":"https:\/\/wirtschaftsdemokratie.ch\/fr\/plus-que-simplement-codecider\/"},"wordCount":1222,"image":{"@id":"https:\/\/wirtschaftsdemokratie.ch\/fr\/plus-que-simplement-codecider\/#primaryimage"},"thumbnailUrl":"https:\/\/wirtschaftsdemokratie.ch\/wp-content\/uploads\/sites\/76\/2017\/03\/RD_Logo_gross.jpg","articleSection":["Non classifi\u00e9(e)"],"inLanguage":"fr-FR"},{"@type":"WebPage","@id":"https:\/\/wirtschaftsdemokratie.ch\/fr\/plus-que-simplement-codecider\/","url":"https:\/\/wirtschaftsdemokratie.ch\/fr\/plus-que-simplement-codecider\/","name":"Plus que simplement cod\u00e9cider - d\u00e9mocratie \u00e9conomique","isPartOf":{"@id":"https:\/\/wirtschaftsdemokratie.ch\/fr\/#website"},"primaryImageOfPage":{"@id":"https:\/\/wirtschaftsdemokratie.ch\/fr\/plus-que-simplement-codecider\/#primaryimage"},"image":{"@id":"https:\/\/wirtschaftsdemokratie.ch\/fr\/plus-que-simplement-codecider\/#primaryimage"},"thumbnailUrl":"https:\/\/wirtschaftsdemokratie.ch\/wp-content\/uploads\/sites\/76\/2017\/03\/RD_Logo_gross.jpg","datePublished":"2017-03-14T13:41:30+00:00","dateModified":"2017-03-14T13:45:45+00:00","author":{"@id":"https:\/\/wirtschaftsdemokratie.ch\/fr\/#\/schema\/person\/6ed607b6ed33fcd7d7c5506b8bdf4d73"},"breadcrumb":{"@id":"https:\/\/wirtschaftsdemokratie.ch\/fr\/plus-que-simplement-codecider\/#breadcrumb"},"inLanguage":"fr-FR","potentialAction":[{"@type":"ReadAction","target":["https:\/\/wirtschaftsdemokratie.ch\/fr\/plus-que-simplement-codecider\/"]}]},{"@type":"ImageObject","inLanguage":"fr-FR","@id":"https:\/\/wirtschaftsdemokratie.ch\/fr\/plus-que-simplement-codecider\/#primaryimage","url":"https:\/\/wirtschaftsdemokratie.ch\/wp-content\/uploads\/sites\/76\/2017\/03\/RD_Logo_gross.jpg","contentUrl":"https:\/\/wirtschaftsdemokratie.ch\/wp-content\/uploads\/sites\/76\/2017\/03\/RD_Logo_gross.jpg","width":567,"height":393},{"@type":"BreadcrumbList","@id":"https:\/\/wirtschaftsdemokratie.ch\/fr\/plus-que-simplement-codecider\/#breadcrumb","itemListElement":[{"@type":"ListItem","position":1,"name":"Startseite","item":"https:\/\/wirtschaftsdemokratie.ch\/fr\/"},{"@type":"ListItem","position":2,"name":"Plus que simplement cod\u00e9cider"}]},{"@type":"WebSite","@id":"https:\/\/wirtschaftsdemokratie.ch\/fr\/#website","url":"https:\/\/wirtschaftsdemokratie.ch\/fr\/","name":"d\u00e9mocratie \u00e9conomique","description":"","potentialAction":[{"@type":"SearchAction","target":{"@type":"EntryPoint","urlTemplate":"https:\/\/wirtschaftsdemokratie.ch\/fr\/?s={search_term_string}"},"query-input":{"@type":"PropertyValueSpecification","valueRequired":true,"valueName":"search_term_string"}}],"inLanguage":"fr-FR"},{"@type":"Person","@id":"https:\/\/wirtschaftsdemokratie.ch\/fr\/#\/schema\/person\/6ed607b6ed33fcd7d7c5506b8bdf4d73","name":"Pascal Zwicky","sameAs":["http:\/\/sp-ps.ch"],"url":"https:\/\/wirtschaftsdemokratie.ch\/fr\/author\/pzwicky\/"}]}},"_links":{"self":[{"href":"https:\/\/wirtschaftsdemokratie.ch\/fr\/wp-json\/wp\/v2\/posts\/271","targetHints":{"allow":["GET"]}}],"collection":[{"href":"https:\/\/wirtschaftsdemokratie.ch\/fr\/wp-json\/wp\/v2\/posts"}],"about":[{"href":"https:\/\/wirtschaftsdemokratie.ch\/fr\/wp-json\/wp\/v2\/types\/post"}],"author":[{"embeddable":true,"href":"https:\/\/wirtschaftsdemokratie.ch\/fr\/wp-json\/wp\/v2\/users\/137"}],"replies":[{"embeddable":true,"href":"https:\/\/wirtschaftsdemokratie.ch\/fr\/wp-json\/wp\/v2\/comments?post=271"}],"version-history":[{"count":2,"href":"https:\/\/wirtschaftsdemokratie.ch\/fr\/wp-json\/wp\/v2\/posts\/271\/revisions"}],"predecessor-version":[{"id":276,"href":"https:\/\/wirtschaftsdemokratie.ch\/fr\/wp-json\/wp\/v2\/posts\/271\/revisions\/276"}],"wp:featuredmedia":[{"embeddable":true,"href":"https:\/\/wirtschaftsdemokratie.ch\/fr\/wp-json\/wp\/v2\/media\/269"}],"wp:attachment":[{"href":"https:\/\/wirtschaftsdemokratie.ch\/fr\/wp-json\/wp\/v2\/media?parent=271"}],"wp:term":[{"taxonomy":"category","embeddable":true,"href":"https:\/\/wirtschaftsdemokratie.ch\/fr\/wp-json\/wp\/v2\/categories?post=271"},{"taxonomy":"post_tag","embeddable":true,"href":"https:\/\/wirtschaftsdemokratie.ch\/fr\/wp-json\/wp\/v2\/tags?post=271"}],"curies":[{"name":"wp","href":"https:\/\/api.w.org\/{rel}","templated":true}]}}